{"id":4306,"date":"2024-09-10T15:20:07","date_gmt":"2024-09-10T13:20:07","guid":{"rendered":"https:\/\/oechsle-bahn.de\/wp\/?p=4306"},"modified":"2024-09-10T15:23:06","modified_gmt":"2024-09-10T13:23:06","slug":"zahlreiche-sonderfahrten","status":"publish","type":"post","link":"https:\/\/oechsle-bahn.de\/wp\/zahlreiche-sonderfahrten\/","title":{"rendered":"Zahlreiche Sonderfahrten"},"content":{"rendered":"<p><strong>\u00d6chsle-Bahn geht in den Saisonendspurt! <\/p>\n<p>Die \u00d6chsle-Museumsbahn geht mit vielen H\u00f6hepunkten auf die letzte Etappe der diesj\u00e4hrigen Saison. Offiziell Schluss ist am Sonntag, 13. Oktober mit der Herbstfahrt, allerdings wird es eine Woche sp\u00e4ter, am Sonntag, 20. Oktober, noch einen zus\u00e4tzlichen Fahrtag geben. <\/strong><\/p>\n<p>Der Endspurt des \u00d6chsle in diesem Jahr beginnt am Wochenende 5. und 6. Oktober mit den Oktoberfestfahrten. Die G\u00e4ste k\u00f6nnen das echte Oktoberfestflair mit Wei\u00dfwurstfr\u00fchst\u00fcck und z\u00fcnftiger musikalischer Begleitung gemeinsam mit gelebter Eisenbahnromantik erleben und<br \/>\ngenie\u00dfen. Das \u00d6chsle f\u00e4hrt an diesen beiden Sonntagen zu den regul\u00e4ren Fahrzeiten. Und noch ein Schmankerl: Wer in Tracht mitf\u00e4hrt, bekommt sogar noch 20 Prozent Rabatt auf den Fahrpreis. <\/p>\n<p>Bei der Herbstfahrt am Sonntag, 13. Oktober, wird den Fahrg\u00e4sten am Bahnhof in Ochsenhausen und auch im Speisewagen neuer Apfelmost und Zwiebelkuchen angeboten. Wenn es die Witterung notwendig machen sollte, k\u00f6nnen die Waggons selbstverst\u00e4ndlich auch beheizt werden. In Ochsenhausen ist noch zus\u00e4tzlich verkaufsoffener Sonntag. Die \u00f6rtlichen Gesch\u00e4fte und Gastronomie freuen sich auf viele Besucher. <\/p>\n<p>Ebenfalls zu den regul\u00e4ren Fahrzeiten dampft die Ur-\u00d6chsle-Lok 99633 durch die oberschw\u00e4bische H\u00fcgellandschaft zwischen Warthausen und Ochsenhausen am zus\u00e4tzlichen Fahrtag, 20. Oktober. Dieser zus\u00e4tzliche Einsatz ist der hohen Nachfrage geschuldet und ein Dankesch\u00f6n an das Publikum. \u201eDer \u00d6chsle-Schmalspurbahnverein reagiert damit auf die zahlreichen Anfragen von Eisenbahnfans nach dieser Lok in den vergangenen Monaten\u201c, so Benny Bechter, Vorsitzender des Vereins. <\/p>\n<p>Mit dem zus\u00e4tzlichen Fahrtag beendet die Schmalspurbahn den offiziellen Fahrplan f\u00fcr diese Saison. Allerdings folgen noch weitere Sonderfahrten bis zum Jahresende, unter anderem die Nikolausfahrten Anfang Dezember, die sich sehr gro\u00dfer Beliebtheit erfreuen, oder die Winterdampffahrten zum Ochsenhauser Weihnachtsmarkt am ersten Adventswochenende. Dabei haben die G\u00e4ste die Gelegenheit, in den \u00e4ltesten erhaltenen w\u00fcrttembergischen Schmalspurwagen \u201e21 Stg\u201c von 1891 einzusteigen.<\/p>\n<p><img loading=\"lazy\" decoding=\"async\" src=\"https:\/\/oechsle-bahn.de\/wp\/wp-content\/uploads\/2024\/09\/GGG_7475b.jpg\" alt=\"\" width=\"2500\" height=\"1655\" class=\"alignnone size-full wp-image-4309\" srcset=\"https:\/\/oechsle-bahn.de\/wp\/wp-content\/uploads\/2024\/09\/GGG_7475b.jpg 2500w, https:\/\/oechsle-bahn.de\/wp\/wp-content\/uploads\/2024\/09\/GGG_7475b-600x397.jpg 600w, https:\/\/oechsle-bahn.de\/wp\/wp-content\/uploads\/2024\/09\/GGG_7475b-300x199.jpg 300w, https:\/\/oechsle-bahn.de\/wp\/wp-content\/uploads\/2024\/09\/GGG_7475b-768x508.jpg 768w, https:\/\/oechsle-bahn.de\/wp\/wp-content\/uploads\/2024\/09\/GGG_7475b-1536x1017.jpg 1536w, https:\/\/oechsle-bahn.de\/wp\/wp-content\/uploads\/2024\/09\/GGG_7475b-2048x1356.jpg 2048w\" sizes=\"auto, (max-width: 2500px) 100vw, 2500px\" \/><\/p>\n<p><strong>INFO<\/strong><br \/>\nDas \u00d6chsle f\u00e4hrt bis Mitte Oktober an jedem Sonntag, jeden Feiertag sowie am ersten Samstag im Monat ab Warthausen bei Biberach um 10.30 und 14.45 Uhr, ab Ochsenhausen um 12 und 16.15 Uhr. Dar\u00fcber hinaus werden zahlreiche Sonderfahrten angeboten. Reservierungen ab zehn Personen sind kostenlos, Gruppenf\u00fchrungen und weitere Infos auch unter Telefon 07352 922026. F\u00fcr alle anderen Fahrg\u00e4ste sind immer genug Sitzpl\u00e4tze im Zug vorhanden.<\/p>\n<p><em>Text: Michael Mader<\/em><br \/>\n<em>Fotos: Benny Bechter<\/em><\/p>\n<p>Download:<\/p>\n<div id='gallery-1' class='gallery galleryid-4306 gallery-columns-3 gallery-size-medium'><figure class='gallery-item'>\n\t\t\t<div class='gallery-icon landscape'>\n\t\t\t\t<a href='https:\/\/oechsle-bahn.de\/wp\/ggg_7479b-3\/'><img loading=\"lazy\" decoding=\"async\" width=\"300\" height=\"201\" src=\"https:\/\/oechsle-bahn.de\/wp\/wp-content\/uploads\/2024\/09\/GGG_7479b-300x201.jpg\" class=\"attachment-medium size-medium\" alt=\"\" srcset=\"https:\/\/oechsle-bahn.de\/wp\/wp-content\/uploads\/2024\/09\/GGG_7479b-300x201.jpg 300w, https:\/\/oechsle-bahn.de\/wp\/wp-content\/uploads\/2024\/09\/GGG_7479b-600x403.jpg 600w, https:\/\/oechsle-bahn.de\/wp\/wp-content\/uploads\/2024\/09\/GGG_7479b-768x515.jpg 768w, https:\/\/oechsle-bahn.de\/wp\/wp-content\/uploads\/2024\/09\/GGG_7479b-1536x1031.jpg 1536w, https:\/\/oechsle-bahn.de\/wp\/wp-content\/uploads\/2024\/09\/GGG_7479b-2048x1375.jpg 2048w\" sizes=\"auto, (max-width: 300px) 100vw, 300px\" \/><\/a>\n\t\t\t<\/div><\/figure><figure class='gallery-item'>\n\t\t\t<div class='gallery-icon landscape'>\n\t\t\t\t<a href='https:\/\/oechsle-bahn.de\/wp\/zahlreiche-sonderfahrten\/ggg_7475b-2\/'><img loading=\"lazy\" decoding=\"async\" width=\"300\" height=\"199\" src=\"https:\/\/oechsle-bahn.de\/wp\/wp-content\/uploads\/2024\/09\/GGG_7475b-300x199.jpg\" class=\"attachment-medium size-medium\" alt=\"\" srcset=\"https:\/\/oechsle-bahn.de\/wp\/wp-content\/uploads\/2024\/09\/GGG_7475b-300x199.jpg 300w, https:\/\/oechsle-bahn.de\/wp\/wp-content\/uploads\/2024\/09\/GGG_7475b-600x397.jpg 600w, https:\/\/oechsle-bahn.de\/wp\/wp-content\/uploads\/2024\/09\/GGG_7475b-768x508.jpg 768w, https:\/\/oechsle-bahn.de\/wp\/wp-content\/uploads\/2024\/09\/GGG_7475b-1536x1017.jpg 1536w, https:\/\/oechsle-bahn.de\/wp\/wp-content\/uploads\/2024\/09\/GGG_7475b-2048x1356.jpg 2048w\" sizes=\"auto, (max-width: 300px) 100vw, 300px\" \/><\/a>\n\t\t\t<\/div><\/figure><figure class='gallery-item'>\n\t\t\t<div class='gallery-icon landscape'>\n\t\t\t\t<a href='https:\/\/oechsle-bahn.de\/wp\/oechsle-8-2\/'><img loading=\"lazy\" decoding=\"async\" width=\"300\" height=\"200\" src=\"https:\/\/oechsle-bahn.de\/wp\/wp-content\/uploads\/2024\/09\/oechsle-8-300x200.jpg\" class=\"attachment-medium size-medium\" alt=\"\" srcset=\"https:\/\/oechsle-bahn.de\/wp\/wp-content\/uploads\/2024\/09\/oechsle-8-300x200.jpg 300w, https:\/\/oechsle-bahn.de\/wp\/wp-content\/uploads\/2024\/09\/oechsle-8-600x400.jpg 600w, https:\/\/oechsle-bahn.de\/wp\/wp-content\/uploads\/2024\/09\/oechsle-8-768x512.jpg 768w, https:\/\/oechsle-bahn.de\/wp\/wp-content\/uploads\/2024\/09\/oechsle-8-1536x1024.jpg 1536w, https:\/\/oechsle-bahn.de\/wp\/wp-content\/uploads\/2024\/09\/oechsle-8-2048x1366.jpg 2048w\" sizes=\"auto, (max-width: 300px) 100vw, 300px\" \/><\/a>\n\t\t\t<\/div><\/figure>\n\t\t<\/div>\n\n","protected":false},"excerpt":{"rendered":"<p>\u00d6chsle-Bahn geht in den Saisonendspurt! Die \u00d6chsle-Museumsbahn geht mit vielen H\u00f6hepunkten auf die letzte Etappe der diesj\u00e4hrigen Saison. Offiziell Schluss ist am Sonntag, 13. Oktober mit der Herbstfahrt, allerdings wird&#8230;<\/p>\n","protected":false},"author":1,"featured_media":4307,"comment_status":"closed","ping_status":"closed","sticky":false,"template":"","format":"standard","meta":{"_acf_changed":false,"_price":"","_stock":"","_tribe_ticket_header":"","_tribe_default_ticket_provider":"","_tribe_ticket_capacity":"0","_ticket_start_date":"","_ticket_end_date":"","_tribe_ticket_show_description":"","_tribe_ticket_show_not_going":false,"_tribe_ticket_use_global_stock":"","_tribe_ticket_global_stock_level":"","_global_stock_mode":"","_global_stock_cap":"","_tribe_rsvp_for_event":"","_tribe_ticket_going_count":"","_tribe_ticket_not_going_count":"","_tribe_tickets_list":"[]","_tribe_ticket_has_attendee_info_fields":false,"footnotes":""},"categories":[3],"tags":[],"class_list":["post-4306","post","type-post","status-publish","format-standard","has-post-thumbnail","hentry","category-aktuell"],"acf":[],"_links":{"self":[{"href":"https:\/\/oechsle-bahn.de\/wp\/wp-json\/wp\/v2\/posts\/4306","targetHints":{"allow":["GET"]}}],"collection":[{"href":"https:\/\/oechsle-bahn.de\/wp\/wp-json\/wp\/v2\/posts"}],"about":[{"href":"https:\/\/oechsle-bahn.de\/wp\/wp-json\/wp\/v2\/types\/post"}],"author":[{"embeddable":true,"href":"https:\/\/oechsle-bahn.de\/wp\/wp-json\/wp\/v2\/users\/1"}],"replies":[{"embeddable":true,"href":"https:\/\/oechsle-bahn.de\/wp\/wp-json\/wp\/v2\/comments?post=4306"}],"version-history":[{"count":0,"href":"https:\/\/oechsle-bahn.de\/wp\/wp-json\/wp\/v2\/posts\/4306\/revisions"}],"wp:featuredmedia":[{"embeddable":true,"href":"https:\/\/oechsle-bahn.de\/wp\/wp-json\/wp\/v2\/media\/4307"}],"wp:attachment":[{"href":"https:\/\/oechsle-bahn.de\/wp\/wp-json\/wp\/v2\/media?parent=4306"}],"wp:term":[{"taxonomy":"category","embeddable":true,"href":"https:\/\/oechsle-bahn.de\/wp\/wp-json\/wp\/v2\/categories?post=4306"},{"taxonomy":"post_tag","embeddable":true,"href":"https:\/\/oechsle-bahn.de\/wp\/wp-json\/wp\/v2\/tags?post=4306"}],"curies":[{"name":"wp","href":"https:\/\/api.w.org\/{rel}","templated":true}]}}